{"id":2032,"date":"2024-06-23T14:30:00","date_gmt":"2024-06-23T12:30:00","guid":{"rendered":"https:\/\/reach.ircam.fr\/?p=2032"},"modified":"2024-06-25T14:34:01","modified_gmt":"2024-06-25T12:34:01","slug":"rencontre-avec-lara-morciano-sur-radio-france","status":"publish","type":"post","link":"https:\/\/reach.ircam.fr\/index.php\/2024\/06\/23\/rencontre-avec-lara-morciano-sur-radio-france\/","title":{"rendered":"Rencontre avec Lara Morciano sur Radio France"},"content":{"rendered":"\n<p><a href=\"https:\/\/www.radiofrance.fr\/francemusique\/podcasts\/carrefour-de-la-creation\/rencontre-avec-lara-morciano-8708157?fbclid=IwZXh0bgNhZW0CMTEAAR0TrcFvbeCKvmttPZkrR4mIKFuEc-TVbQlORoiH7DixkEhgQBNXaMIMfTs_aem_n2XsDIV0sajvuqdHLPMxxg\" data-type=\"link\" data-id=\"https:\/\/www.radiofrance.fr\/francemusique\/podcasts\/carrefour-de-la-creation\/rencontre-avec-lara-morciano-8708157?fbclid=IwZXh0bgNhZW0CMTEAAR0TrcFvbeCKvmttPZkrR4mIKFuEc-TVbQlORoiH7DixkEhgQBNXaMIMfTs_aem_n2XsDIV0sajvuqdHLPMxxg\">Ecouter le podcast sur Radio France<\/a><\/p>\n\n\n\n<p>Lara Morciano est une artiste <a href=\"https:\/\/www.facebook.com\/erc.reach?__cft__[0]=AZXgGT1oUcJMNtyhGOvoshvtexhT4ro4Xwqi2PDdzL22vGFrc96jeX7tHSs1vc7pdkHw_soSCYusOHskVlqeXYQ_YmEVFq3vdtvvaQ7IY_GQoRv70yR97UofQ_s08Ynq52THNd0nvMpcyS2WHVrWhI8lO7R6zduO8nCxzUG9xg3F8EtkXcw8wwC2xj1wedlvq9MPBwYYs1HqpWINMF_l79xn&amp;__tn__=-]K-R\">Erc Reach<\/a><a href=\"https:\/\/www.facebook.com\/iIRCAM?__cft__[0]=AZXgGT1oUcJMNtyhGOvoshvtexhT4ro4Xwqi2PDdzL22vGFrc96jeX7tHSs1vc7pdkHw_soSCYusOHskVlqeXYQ_YmEVFq3vdtvvaQ7IY_GQoRv70yR97UofQ_s08Ynq52THNd0nvMpcyS2WHVrWhI8lO7R6zduO8nCxzUG9xg3F8EtkXcw8wwC2xj1wedlvq9MPBwYYs1HqpWINMF_l79xn&amp;__tn__=-]K-R\">IRCAM<\/a> ! Retrouvez la ce soir sur France Musique, elle parlera notamment de son utilisation de Somax2 et de son nouveau projet \u00ab\u00a0Des Abysses aux Etoiles\u00a0\u00bb avec l&rsquo;ITN de l&rsquo;\u00e9cole des Mines.<\/p>\n\n\n\n<p>Corinne Schneider rencontre la pianiste et compositrice italienne Lara Morciano (n\u00e9e en 1968) \u00e0 la trajectoire souvent double comme si une seule vie n\u2019\u00e9tait pas suffisante pour exprimer toute la musique qui est en elle. Exigeante et raffin\u00e9e, son \u0153uvre <a><\/a>foisonnante nous emporte avec force et panache.<\/p>\n","protected":false},"excerpt":{"rendered":"<p>Ecouter le podcast sur Radio France Lara Morciano est une artiste Erc ReachIRCAM ! Retrouvez la ce soir sur France Musique, elle parlera notamment de son utilisation de Somax2 et de son nouveau projet \u00ab\u00a0Des Abysses aux Etoiles\u00a0\u00bb avec l&rsquo;ITN de l&rsquo;\u00e9cole des Mines. Corinne Schneider rencontre la pianiste et compositrice italienne Lara Morciano (n\u00e9e [&hellip;]<\/p>\n","protected":false},"author":2,"featured_media":2033,"comment_status":"open","ping_status":"open","sticky":false,"template":"","format":"standard","meta":{"_monsterinsights_skip_tracking":false,"_monsterinsights_sitenote_active":false,"_monsterinsights_sitenote_note":"","_monsterinsights_sitenote_category":0,"footnotes":""},"categories":[61],"tags":[],"class_list":["post-2032","post","type-post","status-publish","format-standard","has-post-thumbnail","hentry","category-radio-tv"],"aioseo_notices":[],"blog_post_layout_featured_media_urls":{"thumbnail":["https:\/\/reach.ircam.fr\/wp-content\/uploads\/2024\/06\/18295163535815401041-150x150.jpeg",150,150,true],"full":["https:\/\/reach.ircam.fr\/wp-content\/uploads\/2024\/06\/18295163535815401041.jpeg",1200,626,false]},"categories_names":{"61":{"name":"Radio\/TV","link":"https:\/\/reach.ircam.fr\/index.php\/category\/press\/radio-tv\/"}},"tags_names":[],"comments_number":"0","wpmagazine_modules_lite_featured_media_urls":{"thumbnail":["https:\/\/reach.ircam.fr\/wp-content\/uploads\/2024\/06\/18295163535815401041-150x150.jpeg",150,150,true],"cvmm-medium":["https:\/\/reach.ircam.fr\/wp-content\/uploads\/2024\/06\/18295163535815401041-300x300.jpeg",300,300,true],"cvmm-medium-plus":["https:\/\/reach.ircam.fr\/wp-content\/uploads\/2024\/06\/18295163535815401041-305x207.jpeg",305,207,true],"cvmm-portrait":["https:\/\/reach.ircam.fr\/wp-content\/uploads\/2024\/06\/18295163535815401041-400x600.jpeg",400,600,true],"cvmm-medium-square":["https:\/\/reach.ircam.fr\/wp-content\/uploads\/2024\/06\/18295163535815401041-600x600.jpeg",600,600,true],"cvmm-large":["https:\/\/reach.ircam.fr\/wp-content\/uploads\/2024\/06\/18295163535815401041-1024x626.jpeg",1024,626,true],"cvmm-small":["https:\/\/reach.ircam.fr\/wp-content\/uploads\/2024\/06\/18295163535815401041-130x95.jpeg",130,95,true],"full":["https:\/\/reach.ircam.fr\/wp-content\/uploads\/2024\/06\/18295163535815401041.jpeg",1200,626,false]},"_links":{"self":[{"href":"https:\/\/reach.ircam.fr\/index.php\/wp-json\/wp\/v2\/posts\/2032","targetHints":{"allow":["GET"]}}],"collection":[{"href":"https:\/\/reach.ircam.fr\/index.php\/wp-json\/wp\/v2\/posts"}],"about":[{"href":"https:\/\/reach.ircam.fr\/index.php\/wp-json\/wp\/v2\/types\/post"}],"author":[{"embeddable":true,"href":"https:\/\/reach.ircam.fr\/index.php\/wp-json\/wp\/v2\/users\/2"}],"replies":[{"embeddable":true,"href":"https:\/\/reach.ircam.fr\/index.php\/wp-json\/wp\/v2\/comments?post=2032"}],"version-history":[{"count":1,"href":"https:\/\/reach.ircam.fr\/index.php\/wp-json\/wp\/v2\/posts\/2032\/revisions"}],"predecessor-version":[{"id":2034,"href":"https:\/\/reach.ircam.fr\/index.php\/wp-json\/wp\/v2\/posts\/2032\/revisions\/2034"}],"wp:featuredmedia":[{"embeddable":true,"href":"https:\/\/reach.ircam.fr\/index.php\/wp-json\/wp\/v2\/media\/2033"}],"wp:attachment":[{"href":"https:\/\/reach.ircam.fr\/index.php\/wp-json\/wp\/v2\/media?parent=2032"}],"wp:term":[{"taxonomy":"category","embeddable":true,"href":"https:\/\/reach.ircam.fr\/index.php\/wp-json\/wp\/v2\/categories?post=2032"},{"taxonomy":"post_tag","embeddable":true,"href":"https:\/\/reach.ircam.fr\/index.php\/wp-json\/wp\/v2\/tags?post=2032"}],"curies":[{"name":"wp","href":"https:\/\/api.w.org\/{rel}","templated":true}]}}