{"id":2039,"date":"2024-07-05T20:59:42","date_gmt":"2024-07-05T18:59:42","guid":{"rendered":"https:\/\/reach.ircam.fr\/index.php\/2024\/07\/05\/concert-1-08-11-2023-improtech-uzeste-2023\/"},"modified":"2024-07-08T17:47:08","modified_gmt":"2024-07-08T15:47:08","slug":"concert-1-08-11-2023-improtech-uzeste-2023","status":"publish","type":"post","link":"https:\/\/reach.ircam.fr\/index.php\/2024\/07\/05\/concert-1-08-11-2023-improtech-uzeste-2023\/","title":{"rendered":"Concert #1 &#8211; Improtech @ Uzeste 2023"},"content":{"rendered":"\n<p>Available now, Improtech @ Uzeste 2023 ! concerts recordings !<br><a href=\"https:\/\/improtech.ircam.fr\/ikuzeste\">https:\/\/improtech.ircam.fr\/ikuzeste<\/a><\/p>\n\n\n\n<p>\u00a0<\/p>\n<p>See the video directly on youtube: \u00a0<a href=\"https:\/\/www.youtube.com\/watch?v=7EtdNRj7FUw\" target=\"_blank\" class=\"feedzy-rss-link-icon\" rel=\"noopener\">Read More<\/a>\u00a0<\/p>\n<\/p>\n<p>Erc Reach<\/p>\n\n\n\n<figure class=\"wp-block-embed is-type-video is-provider-youtube wp-block-embed-youtube wp-embed-aspect-16-9 wp-has-aspect-ratio\"><div class=\"wp-block-embed__wrapper\">\n<iframe title=\"Concert #1 -- 08\/11\/2023 -- Improtech @ Uzeste 2023  --\" width=\"640\" height=\"360\" src=\"https:\/\/www.youtube.com\/embed\/7EtdNRj7FUw?feature=oembed\" frameborder=\"0\" allow=\"accelerometer; autoplay; clipboard-write; encrypted-media; gyroscope; picture-in-picture; web-share\" referrerpolicy=\"strict-origin-when-cross-origin\" allowfullscreen><\/iframe>\n<\/div><\/figure>\n\n\n\n<p><\/p>\n\n\n\n<p>21h 30 \u2013 Chapiteau Marie Lubat \u2013 concert IMPROTECH N\u00b0 1<\/p>\n\n\n\n<p>Trio<br>Marco Fiorini (guitare, ordinateur Somax2), Francesco Diodati (guitare), Lorenzo Colombo (percussions)<\/p>\n\n\n\n<p>Maciek Lasserre MCK [S] feat. Gaston Bandimic (S\u00e9n\u00e9gal)<br>Maciek Lasserre (saxophone, percussions, sampler), Gaston Bandimic (rap)<\/p>\n\n\n\n<p>Collectif Trans(e)-musical<br>Justin Vali (cithare, voix), Charles Kely Zana-Rotsy (guitare, voix), Marc Chemillier (ordinateur Djazz), Lucas Lemoine (\u00e9lectronique), Sabina Covarrubias (vid\u00e9o)<\/p>\n\n\n\n<p>Plug &amp; Pray<br>Beno\u00eet Delbecq (claviers, \u00e9lectronique) &amp; Josef Dumoulin (claviers ,\u00e9lectronique)<\/p>\n\n\n\n<p>Trio<br>Benny Sluchin (trombone), Mikhail Malt (ordinateur Somax2), Pavlos Antoniadis (piano)<\/p>\n\n\n\n<p>Trio<br>Evan Parker (saxophones), Mari Kimura (violon, \u00e9lectronique MUGI), Laurent Mariusse (percussion)<\/p>\n\n\n\n<p>Workshop &#8211; Festival : Uzeste, France August 11-13, 2023 &#8212;<br>Facebook \/ Instagram<\/p>\n\n\n\n<p>Improtech is both a music festival and an interdisciplinary workshop bringing together research and creative players from all over the world to promote musical improvisation in interaction with digital intelligences, in an approach based on human-machine co-creativity.<\/p>\n\n\n\n<p>Following successful editions in New York, Philadelphia and Athens, Improtech @ Uzeste! (ikUzeste&rsquo;23) will take place from August 11 to 13, 2023 in Uzeste, the beautiful Gascon village where the mythical Hestajada de las arts takes place, the music festival founded by Bernard Lubat, with which Improtech is associated this year. What&rsquo;s more, it will be the tenth anniversary (postponed until this year) of Improtech&rsquo;s creation in NYC in 2012.<\/p>\n\n\n\n<p>This year, Jo\u00eblle L\u00e9andre, Evan Parker, Benoit Delbecq, Jozef Dumoulin, Jaap Blonk, Justin Vali, Jean-Marc Montera, Rob Frye, Maciek Lasserre, Gaston Bandimic, Andr\u00e9 Minvielle, Bernard Lubat, Sylvain Luc, Nurith Aviv, Mari Kimura, Gyorgy Kurtag, Herv\u00e9 Sellin, Benny Sluchin and many others offer a dazzling stage! And the party continues with the Hestajada from Monday August 14 to the 19th.<\/p>\n","protected":false},"excerpt":{"rendered":"<p>Available now, Improtech @ Uzeste 2023 ! concerts recordings !https:\/\/improtech.ircam.fr\/ikuzeste \u00a0 See the video directly on youtube: \u00a0Read More\u00a0 Erc Reach 21h 30 \u2013 Chapiteau Marie Lubat \u2013 concert IMPROTECH N\u00b0 1 TrioMarco Fiorini (guitare, ordinateur Somax2), Francesco Diodati (guitare), Lorenzo Colombo (percussions) Maciek Lasserre MCK [S] feat. Gaston Bandimic (S\u00e9n\u00e9gal)Maciek Lasserre (saxophone, percussions, sampler), [&hellip;]<\/p>\n","protected":false},"author":2,"featured_media":2040,"comment_status":"open","ping_status":"open","sticky":false,"template":"","format":"standard","meta":{"_monsterinsights_skip_tracking":false,"_monsterinsights_sitenote_active":false,"_monsterinsights_sitenote_note":"","_monsterinsights_sitenote_category":0,"footnotes":""},"categories":[72,57],"tags":[],"class_list":["post-2039","post","type-post","status-publish","format-standard","has-post-thumbnail","hentry","category-media","category-music"],"aioseo_notices":[],"blog_post_layout_featured_media_urls":{"thumbnail":["https:\/\/reach.ircam.fr\/wp-content\/uploads\/2024\/07\/hqdefault-nhMNdv-150x150.jpeg",150,150,true],"full":["https:\/\/reach.ircam.fr\/wp-content\/uploads\/2024\/07\/hqdefault-nhMNdv.jpeg",480,360,false]},"categories_names":{"72":{"name":"Media","link":"https:\/\/reach.ircam.fr\/index.php\/category\/media\/"},"57":{"name":"Music","link":"https:\/\/reach.ircam.fr\/index.php\/category\/music\/"}},"tags_names":[],"comments_number":"0","wpmagazine_modules_lite_featured_media_urls":{"thumbnail":["https:\/\/reach.ircam.fr\/wp-content\/uploads\/2024\/07\/hqdefault-nhMNdv-150x150.jpeg",150,150,true],"cvmm-medium":["https:\/\/reach.ircam.fr\/wp-content\/uploads\/2024\/07\/hqdefault-nhMNdv-300x300.jpeg",300,300,true],"cvmm-medium-plus":["https:\/\/reach.ircam.fr\/wp-content\/uploads\/2024\/07\/hqdefault-nhMNdv-305x207.jpeg",305,207,true],"cvmm-portrait":["https:\/\/reach.ircam.fr\/wp-content\/uploads\/2024\/07\/hqdefault-nhMNdv-400x360.jpeg",400,360,true],"cvmm-medium-square":["https:\/\/reach.ircam.fr\/wp-content\/uploads\/2024\/07\/hqdefault-nhMNdv.jpeg",480,360,false],"cvmm-large":["https:\/\/reach.ircam.fr\/wp-content\/uploads\/2024\/07\/hqdefault-nhMNdv.jpeg",480,360,false],"cvmm-small":["https:\/\/reach.ircam.fr\/wp-content\/uploads\/2024\/07\/hqdefault-nhMNdv-130x95.jpeg",130,95,true],"full":["https:\/\/reach.ircam.fr\/wp-content\/uploads\/2024\/07\/hqdefault-nhMNdv.jpeg",480,360,false]},"_links":{"self":[{"href":"https:\/\/reach.ircam.fr\/index.php\/wp-json\/wp\/v2\/posts\/2039","targetHints":{"allow":["GET"]}}],"collection":[{"href":"https:\/\/reach.ircam.fr\/index.php\/wp-json\/wp\/v2\/posts"}],"about":[{"href":"https:\/\/reach.ircam.fr\/index.php\/wp-json\/wp\/v2\/types\/post"}],"author":[{"embeddable":true,"href":"https:\/\/reach.ircam.fr\/index.php\/wp-json\/wp\/v2\/users\/2"}],"replies":[{"embeddable":true,"href":"https:\/\/reach.ircam.fr\/index.php\/wp-json\/wp\/v2\/comments?post=2039"}],"version-history":[{"count":1,"href":"https:\/\/reach.ircam.fr\/index.php\/wp-json\/wp\/v2\/posts\/2039\/revisions"}],"predecessor-version":[{"id":2104,"href":"https:\/\/reach.ircam.fr\/index.php\/wp-json\/wp\/v2\/posts\/2039\/revisions\/2104"}],"wp:featuredmedia":[{"embeddable":true,"href":"https:\/\/reach.ircam.fr\/index.php\/wp-json\/wp\/v2\/media\/2040"}],"wp:attachment":[{"href":"https:\/\/reach.ircam.fr\/index.php\/wp-json\/wp\/v2\/media?parent=2039"}],"wp:term":[{"taxonomy":"category","embeddable":true,"href":"https:\/\/reach.ircam.fr\/index.php\/wp-json\/wp\/v2\/categories?post=2039"},{"taxonomy":"post_tag","embeddable":true,"href":"https:\/\/reach.ircam.fr\/index.php\/wp-json\/wp\/v2\/tags?post=2039"}],"curies":[{"name":"wp","href":"https:\/\/api.w.org\/{rel}","templated":true}]}}